{"id":982,"date":"2016-03-31T14:47:48","date_gmt":"2016-03-31T14:47:48","guid":{"rendered":"http:\/\/muzickasu.edu.rs\/?p=982"},"modified":"2016-03-31T17:15:34","modified_gmt":"2016-03-31T17:15:34","slug":"srpski-harmonikas-najmladi-i-najbolji","status":"publish","type":"post","link":"https:\/\/muzickasu.edu.rs\/index.php\/2016\/03\/31\/srpski-harmonikas-najmladi-i-najbolji\/","title":{"rendered":"Harmonika\u0161 najmla\u0111i i najbolji"},"content":{"rendered":"<p>Na I. internacinalnom festivalu muzike u Bjeljini &#8222;Primavera&#8220;, koji se odr\u017eao u etno selu &#8222;Stani\u0161i\u0107i&#8220;, <b>Slavoljub Mari\u0107<\/b> &#8211; u\u010denik I razreda harmonike osnovne Muzi\u010dke \u0161kole &#8211; Subotica &#8211; je pobednik u 1. kategoriji (98,33 bodova) i me\u0111u svim kandidatima imao je najve\u0107i broj bodova. On stasava u klasi nastavnika Idi\u0107 Miroslava.<\/p>\n<p><a href=\"http:\/\/muzickasu.edu.rs\/wp-content\/uploads\/2016\/03\/Slavoljub.jpg\"><img loading=\"lazy\" decoding=\"async\" class=\"alignnone size-medium wp-image-984\" src=\"http:\/\/muzickasu.edu.rs\/wp-content\/uploads\/2016\/03\/Slavoljub-300x225.jpg\" alt=\"Slavoljub\" width=\"300\" height=\"225\" srcset=\"https:\/\/muzickasu.edu.rs\/wp-content\/uploads\/2016\/03\/Slavoljub-300x225.jpg 300w, https:\/\/muzickasu.edu.rs\/wp-content\/uploads\/2016\/03\/Slavoljub-1024x768.jpg 1024w, https:\/\/muzickasu.edu.rs\/wp-content\/uploads\/2016\/03\/Slavoljub-200x150.jpg 200w, https:\/\/muzickasu.edu.rs\/wp-content\/uploads\/2016\/03\/Slavoljub-150x113.jpg 150w, https:\/\/muzickasu.edu.rs\/wp-content\/uploads\/2016\/03\/Slavoljub.jpg 1280w\" sizes=\"auto, (max-width: 300px) 100vw, 300px\" \/><\/a><\/p>","protected":false},"excerpt":{"rendered":"<p>Na I. internacinalnom festivalu muzike u Bjeljini &#8222;Primavera&#8220;, koji se odr\u017eao u etno selu &#8222;Stani\u0161i\u0107i&#8220;, Slavoljub Mari\u0107 &#8211; u\u010denik I razreda harmonike osnovne Muzi\u010dke \u0161kole &#8211; Subotica &#8211; je pobednik u 1. kategoriji (98,33 bodova) i me\u0111u svim kandidatima imao je najve\u0107i broj bodova. On stasava u klasi nastavnika Idi\u0107\u2026<\/p>\n<p class=\"continue-reading-button\"> <a class=\"continue-reading-link\" href=\"https:\/\/muzickasu.edu.rs\/index.php\/2016\/03\/31\/srpski-harmonikas-najmladi-i-najbolji\/\">Nastavite sa \u010ditanjem<i class=\"crycon-right-dir\"><\/i><\/a><\/p>\n","protected":false},"author":2,"featured_media":0,"comment_status":"closed","ping_status":"open","sticky":false,"template":"","format":"standard","meta":{"footnotes":""},"categories":[1],"tags":[],"class_list":["post-982","post","type-post","status-publish","format-standard","hentry","category-uncategorized"],"_links":{"self":[{"href":"https:\/\/muzickasu.edu.rs\/index.php\/wp-json\/wp\/v2\/posts\/982","targetHints":{"allow":["GET"]}}],"collection":[{"href":"https:\/\/muzickasu.edu.rs\/index.php\/wp-json\/wp\/v2\/posts"}],"about":[{"href":"https:\/\/muzickasu.edu.rs\/index.php\/wp-json\/wp\/v2\/types\/post"}],"author":[{"embeddable":true,"href":"https:\/\/muzickasu.edu.rs\/index.php\/wp-json\/wp\/v2\/users\/2"}],"replies":[{"embeddable":true,"href":"https:\/\/muzickasu.edu.rs\/index.php\/wp-json\/wp\/v2\/comments?post=982"}],"version-history":[{"count":3,"href":"https:\/\/muzickasu.edu.rs\/index.php\/wp-json\/wp\/v2\/posts\/982\/revisions"}],"predecessor-version":[{"id":986,"href":"https:\/\/muzickasu.edu.rs\/index.php\/wp-json\/wp\/v2\/posts\/982\/revisions\/986"}],"wp:attachment":[{"href":"https:\/\/muzickasu.edu.rs\/index.php\/wp-json\/wp\/v2\/media?parent=982"}],"wp:term":[{"taxonomy":"category","embeddable":true,"href":"https:\/\/muzickasu.edu.rs\/index.php\/wp-json\/wp\/v2\/categories?post=982"},{"taxonomy":"post_tag","embeddable":true,"href":"https:\/\/muzickasu.edu.rs\/index.php\/wp-json\/wp\/v2\/tags?post=982"}],"curies":[{"name":"wp","href":"https:\/\/api.w.org\/{rel}","templated":true}]}}