{"id":448,"date":"2016-01-29T19:53:42","date_gmt":"2016-01-29T19:53:42","guid":{"rendered":"http:\/\/muzickasu.edu.rs\/?p=448"},"modified":"2016-02-22T14:03:09","modified_gmt":"2016-02-22T14:03:09","slug":"srpski-vece-kamerne-muzike","status":"publish","type":"post","link":"https:\/\/muzickasu.edu.rs\/index.php\/2016\/01\/29\/srpski-vece-kamerne-muzike\/","title":{"rendered":"Ve\u010de kamerne muzike"},"content":{"rendered":"<p><\/p>\n<div>\n<div>\n<div>\n<div>\n<div>\n<div>\n<div>Ve\u010de kamerne muzike se tradicionalno odr\u017eava svake godine u januaru mesecu. Koncert prire\u0111uje Muzi\u010dka \u0161kola &#8211; Subotica a gosti dolaze iz Maribora, Osijeka i Beograda. U pitanju su kamerni sastavi koji nastupaju kao duo, trio, kvartet,kvintet.<\/div>\n<p>Kamerna muzika se izu\u010dava u okviru nastave u muzi\u010dkoj \u0161koli, to je obavezan predmet i takvih sastava u Muzi\u010dkoj \u0161koli &#8211; Subotica u ovom trenutku ima dvadeset i dva.Od tih 22 sastava za pomenuto ve\u010de izabrano je \u0161est ansambala i to:<\/p>\n<\/div>\n<ul>\n<li>trio sopran, bariton i klavir<\/li>\n<li>guda\u010dki trio<\/li>\n<li>trio saksofona<\/li>\n<li>trio dve tambure i klavir<\/li>\n<li>duo udaraljki<\/li>\n<li>trio dve flaute i klavir<\/li>\n<li>gosti iz Maribora su se predstavili kvartetom harmonika, a gosti iz Beograda su se predstavili kao trio dva baritona uz pratnju na klaviru.<\/li>\n<li>Na kraju koncerta publika je glasala za onaj ansambl koji im se u toku ve\u010deri najvi\u0161e dopao, pa je po anketi publike redosled bio slede\u0107i:<\/li>\n<\/ul>\n<\/div>\n<\/div>\n<\/div>\n<\/div>\n<\/div>\n<ul>\n<li>duo udaraljki Goran Biro i Bo\u0161ko Purkovi\u0107 ( klasa Goran Evetovi\u0107,Muzi\u010dka \u0161kola &#8211; Subotica).<\/li>\n<li>operski duet iz Beograda (muzi\u010dka \u0161kola Stankovi\u0107,klasa Ljubica \u017divkovi\u0107) Nemanja Nikoli\u0107, Marko Ostoji\u0107 i Teodora Ateljevi\u0107.<\/li>\n<li>operski duet Mesaro\u0161 Brigita, Lehocki Daniel i Biro Viola (klasaTamara Markovi\u0107, Muzi\u010dka \u0161kola &#8211; Subotica).<span class=\"HOEnZb\"><span style=\"color: #888888;\"><br \/>\n<\/span><\/span><\/li>\n<\/ul>\n<p><span id=\"fbPhotoSnowliftCaption\" class=\"fbPhotosPhotoCaption\" tabindex=\"0\" data-ft=\"{&quot;tn&quot;:&quot;K&quot;}\"><span class=\"hasCaption\">\u00a0<\/span><\/span><\/p>\n<p><a href=\"http:\/\/muzickasu.edu.rs\/wp-content\/uploads\/2016\/01\/vkm_2016_new.jpg\"><img loading=\"lazy\" decoding=\"async\" class=\"size-full wp-image-452 aligncenter\" src=\"http:\/\/muzickasu.edu.rs\/wp-content\/uploads\/2016\/01\/vkm_2016_new.jpg\" alt=\"vkm_2016_new\" width=\"608\" height=\"850\" srcset=\"https:\/\/muzickasu.edu.rs\/wp-content\/uploads\/2016\/01\/vkm_2016_new.jpg 608w, https:\/\/muzickasu.edu.rs\/wp-content\/uploads\/2016\/01\/vkm_2016_new-215x300.jpg 215w, https:\/\/muzickasu.edu.rs\/wp-content\/uploads\/2016\/01\/vkm_2016_new-107x150.jpg 107w\" sizes=\"auto, (max-width: 608px) 100vw, 608px\" \/><\/a><\/p>","protected":false},"excerpt":{"rendered":"<p>Ve\u010de kamerne muzike se tradicionalno odr\u017eava svake godine u januaru mesecu. Koncert prire\u0111uje Muzi\u010dka \u0161kola &#8211; Subotica a gosti dolaze iz Maribora, Osijeka i Beograda. U pitanju su kamerni sastavi koji nastupaju kao duo, trio, kvartet,kvintet. Kamerna muzika se izu\u010dava u okviru nastave u muzi\u010dkoj \u0161koli, to je obavezan predmet\u2026<\/p>\n<p class=\"continue-reading-button\"> <a class=\"continue-reading-link\" href=\"https:\/\/muzickasu.edu.rs\/index.php\/2016\/01\/29\/srpski-vece-kamerne-muzike\/\">Nastavite sa \u010ditanjem<i class=\"crycon-right-dir\"><\/i><\/a><\/p>\n","protected":false},"author":1,"featured_media":0,"comment_status":"closed","ping_status":"open","sticky":false,"template":"","format":"standard","meta":{"footnotes":""},"categories":[1],"tags":[],"class_list":["post-448","post","type-post","status-publish","format-standard","hentry","category-uncategorized"],"_links":{"self":[{"href":"https:\/\/muzickasu.edu.rs\/index.php\/wp-json\/wp\/v2\/posts\/448","targetHints":{"allow":["GET"]}}],"collection":[{"href":"https:\/\/muzickasu.edu.rs\/index.php\/wp-json\/wp\/v2\/posts"}],"about":[{"href":"https:\/\/muzickasu.edu.rs\/index.php\/wp-json\/wp\/v2\/types\/post"}],"author":[{"embeddable":true,"href":"https:\/\/muzickasu.edu.rs\/index.php\/wp-json\/wp\/v2\/users\/1"}],"replies":[{"embeddable":true,"href":"https:\/\/muzickasu.edu.rs\/index.php\/wp-json\/wp\/v2\/comments?post=448"}],"version-history":[{"count":10,"href":"https:\/\/muzickasu.edu.rs\/index.php\/wp-json\/wp\/v2\/posts\/448\/revisions"}],"predecessor-version":[{"id":608,"href":"https:\/\/muzickasu.edu.rs\/index.php\/wp-json\/wp\/v2\/posts\/448\/revisions\/608"}],"wp:attachment":[{"href":"https:\/\/muzickasu.edu.rs\/index.php\/wp-json\/wp\/v2\/media?parent=448"}],"wp:term":[{"taxonomy":"category","embeddable":true,"href":"https:\/\/muzickasu.edu.rs\/index.php\/wp-json\/wp\/v2\/categories?post=448"},{"taxonomy":"post_tag","embeddable":true,"href":"https:\/\/muzickasu.edu.rs\/index.php\/wp-json\/wp\/v2\/tags?post=448"}],"curies":[{"name":"wp","href":"https:\/\/api.w.org\/{rel}","templated":true}]}}