{"id":2353,"date":"2018-03-26T11:47:00","date_gmt":"2018-03-26T11:47:00","guid":{"rendered":"http:\/\/muzickasu.edu.rs\/?p=2353"},"modified":"2018-03-26T12:03:24","modified_gmt":"2018-03-26T12:03:24","slug":"srpski-zavoli-muziku-koncerti-za-decu-i-roditelje","status":"publish","type":"post","link":"https:\/\/muzickasu.edu.rs\/index.php\/2018\/03\/26\/srpski-zavoli-muziku-koncerti-za-decu-i-roditelje\/","title":{"rendered":"Zavoli muziku &#8211; koncerti za decu i roditelje"},"content":{"rendered":"<p>Muzi\u010dka \u0161kola &#8211; Subotica organizuje promotivne koncerte za decu i njihove roditelje svih osnovnih \u0161kola na podru\u010dju Grada. Predstavi\u0107e se svaki instrumentalni i peva\u010dki odsek:<\/p>\n<ul>\n<li><span style=\"color: #993366;\"><strong>Guda\u010dki odsek: 22. marta<\/strong><\/span><\/li>\n<li><span style=\"color: #993366;\"><strong>Harmonika: 27. marta<\/strong><\/span><\/li>\n<li><span style=\"color: #993366;\"><strong>Solo pevanje: 28. marta<\/strong><\/span><\/li>\n<li><span style=\"color: #993366;\"><strong>Duva\u010dki: 29. marta<\/strong><\/span><\/li>\n<li><span style=\"color: #993366;\"><strong>Klavir: 18. aprila<\/strong><\/span><\/li>\n<li><span style=\"color: #993366;\"><strong>Tradicionalno pevanje: 20.aprila<\/strong><\/span><\/li>\n<li><span style=\"color: #993366;\"><strong>Trza\u010dki: 24. aprila<\/strong><\/span><\/li>\n<\/ul>\n<p>Svi koncerti \u0107e se odr\u017eati u Koncertnoj sali \u0160kole sa <span style=\"text-decoration: underline;\">po\u010detkom od 18 \u010dasova<\/span>. Program traje pola sata, nakon \u010dega deca imaju priliku da isprobaju instrument i da razgovaraju sa nastavnicima. Ulaz je naravno besplatan!<\/p>\n<p>Ako vas zanima sa koliko godina mo\u017eete upisati dete u muzi\u010dku \u0161kolu, pogledajte: <a href=\"http:\/\/muzickasu.edu.rs\/index.php\/education\/srpski-muzicko-zabaviste\/?lang=rs\">MUZI\u010cKO ZABAVI\u0160TE,<\/a> <a href=\"http:\/\/muzickasu.edu.rs\/index.php\/education\/srpski-pripremni-razredi\/?lang=rs\">PRIPREMNI RAZREDI<\/a> i <a href=\"http:\/\/muzickasu.edu.rs\/index.php\/education\/srpski-osnovna-muzicka-skola\/?lang=rs\">OSNOVNA MUZI\u010cKA \u0160KOLA<\/a>.<\/p>\n<p><a href=\"http:\/\/muzickasu.edu.rs\/wp-content\/uploads\/2018\/03\/29512504_2351597875066551_3122183639557160118_n.jpg\"><img loading=\"lazy\" decoding=\"async\" class=\"wp-image-2354 size-full aligncenter\" src=\"http:\/\/muzickasu.edu.rs\/wp-content\/uploads\/2018\/03\/29512504_2351597875066551_3122183639557160118_n.jpg\" alt=\"29512504_2351597875066551_3122183639557160118_n\" width=\"675\" height=\"960\" srcset=\"https:\/\/muzickasu.edu.rs\/wp-content\/uploads\/2018\/03\/29512504_2351597875066551_3122183639557160118_n.jpg 675w, https:\/\/muzickasu.edu.rs\/wp-content\/uploads\/2018\/03\/29512504_2351597875066551_3122183639557160118_n-211x300.jpg 211w, https:\/\/muzickasu.edu.rs\/wp-content\/uploads\/2018\/03\/29512504_2351597875066551_3122183639557160118_n-105x150.jpg 105w\" sizes=\"auto, (max-width: 675px) 100vw, 675px\" \/><\/a><\/p>\n<p>&nbsp;<\/p>","protected":false},"excerpt":{"rendered":"<p>Muzi\u010dka \u0161kola &#8211; Subotica organizuje promotivne koncerte za decu i njihove roditelje svih osnovnih \u0161kola na podru\u010dju Grada. Predstavi\u0107e se svaki instrumentalni i peva\u010dki odsek: Guda\u010dki odsek: 22. marta Harmonika: 27. marta Solo pevanje: 28. marta Duva\u010dki: 29. marta Klavir: 18. aprila Tradicionalno pevanje: 20.aprila Trza\u010dki: 24. aprila Svi koncerti\u2026<\/p>\n<p class=\"continue-reading-button\"> <a class=\"continue-reading-link\" href=\"https:\/\/muzickasu.edu.rs\/index.php\/2018\/03\/26\/srpski-zavoli-muziku-koncerti-za-decu-i-roditelje\/\">Nastavite sa \u010ditanjem<i class=\"crycon-right-dir\"><\/i><\/a><\/p>\n","protected":false},"author":3,"featured_media":0,"comment_status":"closed","ping_status":"open","sticky":false,"template":"","format":"standard","meta":{"footnotes":""},"categories":[1],"tags":[],"class_list":["post-2353","post","type-post","status-publish","format-standard","hentry","category-uncategorized"],"_links":{"self":[{"href":"https:\/\/muzickasu.edu.rs\/index.php\/wp-json\/wp\/v2\/posts\/2353","targetHints":{"allow":["GET"]}}],"collection":[{"href":"https:\/\/muzickasu.edu.rs\/index.php\/wp-json\/wp\/v2\/posts"}],"about":[{"href":"https:\/\/muzickasu.edu.rs\/index.php\/wp-json\/wp\/v2\/types\/post"}],"author":[{"embeddable":true,"href":"https:\/\/muzickasu.edu.rs\/index.php\/wp-json\/wp\/v2\/users\/3"}],"replies":[{"embeddable":true,"href":"https:\/\/muzickasu.edu.rs\/index.php\/wp-json\/wp\/v2\/comments?post=2353"}],"version-history":[{"count":8,"href":"https:\/\/muzickasu.edu.rs\/index.php\/wp-json\/wp\/v2\/posts\/2353\/revisions"}],"predecessor-version":[{"id":2363,"href":"https:\/\/muzickasu.edu.rs\/index.php\/wp-json\/wp\/v2\/posts\/2353\/revisions\/2363"}],"wp:attachment":[{"href":"https:\/\/muzickasu.edu.rs\/index.php\/wp-json\/wp\/v2\/media?parent=2353"}],"wp:term":[{"taxonomy":"category","embeddable":true,"href":"https:\/\/muzickasu.edu.rs\/index.php\/wp-json\/wp\/v2\/categories?post=2353"},{"taxonomy":"post_tag","embeddable":true,"href":"https:\/\/muzickasu.edu.rs\/index.php\/wp-json\/wp\/v2\/tags?post=2353"}],"curies":[{"name":"wp","href":"https:\/\/api.w.org\/{rel}","templated":true}]}}