{"id":1801,"date":"2016-12-14T14:41:14","date_gmt":"2016-12-14T14:41:14","guid":{"rendered":"http:\/\/muzickasu.edu.rs\/?p=1801"},"modified":"2016-12-14T15:53:25","modified_gmt":"2016-12-14T15:53:25","slug":"srpski-ucenicka-inicijativa","status":"publish","type":"post","link":"https:\/\/muzickasu.edu.rs\/index.php\/2016\/12\/14\/srpski-ucenicka-inicijativa\/","title":{"rendered":"U\u010deni\u010dka inicijativa"},"content":{"rendered":"<p>U\u010deni\u010dki parlament je bio inicijator i realizator ideje koncerta koji je odr\u017ean deci koja su klasi\u010dnu muziku do\u017eivela na poseban na\u010din. Pozvali smo u\u010denike i \u0161ti\u0107enike Doma za decu ometenu u razvoju &#8222;Kolevka&#8220;, Osnovne i srednje \u0161kole &#8222;\u017darko Zrenjanin&#8220; i Doma u\u010denika \u0160kolskog centra &#8222;Dositej Obradovi\u0107&#8220;. Koncertna sala bila je puna gostiju 7. decembra u 11 sati.<\/p>\n<p>Koncert je otvorio Neboj\u0161a &#8222;Neca&#8220; \u017divanovi\u0107, u\u010denik tradicionalnog pevanja klase Tamare \u0160tricki Seg. Nakon njega su nastupali u\u010denici srednje \u0161kole sa programom klasi\u010dne instrumentalne muzike.<\/p>\n<p>Zavr\u0161ni deo koncerta su \u010dinila deca iz \u0160kolskog centra. Oni su izveli muzi\u010dku i plesnu ta\u010dku &#8222;Mi se ne bojimo, u\u010dimo da brojimo&#8220;, koja je pra\u0107ena podr\u0161kom cele publike.<\/p>\n<p>Ova nedelja je nedelja osoba sa invaliditetom. Budimo odgovorni prema sebi i osobama oko sebe, i ne zaboravimo da \u0107e osmeh izazvati osmeh na sva\u010dijem licu.<\/p>\n<p><a href=\"http:\/\/muzickasu.edu.rs\/wp-content\/uploads\/2016\/12\/IMG_0934.jpg\"><img loading=\"lazy\" decoding=\"async\" class=\"size-medium wp-image-1802 aligncenter\" src=\"http:\/\/muzickasu.edu.rs\/wp-content\/uploads\/2016\/12\/IMG_0934-300x200.jpg\" alt=\"img_0934\" width=\"300\" height=\"200\" srcset=\"https:\/\/muzickasu.edu.rs\/wp-content\/uploads\/2016\/12\/IMG_0934-300x200.jpg 300w, https:\/\/muzickasu.edu.rs\/wp-content\/uploads\/2016\/12\/IMG_0934-1024x683.jpg 1024w, https:\/\/muzickasu.edu.rs\/wp-content\/uploads\/2016\/12\/IMG_0934-225x150.jpg 225w, https:\/\/muzickasu.edu.rs\/wp-content\/uploads\/2016\/12\/IMG_0934-150x100.jpg 150w\" sizes=\"auto, (max-width: 300px) 100vw, 300px\" \/><\/a><\/p>","protected":false},"excerpt":{"rendered":"<p>U\u010deni\u010dki parlament je bio inicijator i realizator ideje koncerta koji je odr\u017ean deci koja su klasi\u010dnu muziku do\u017eivela na poseban na\u010din. Pozvali smo u\u010denike i \u0161ti\u0107enike Doma za decu ometenu u razvoju &#8222;Kolevka&#8220;, Osnovne i srednje \u0161kole &#8222;\u017darko Zrenjanin&#8220; i Doma u\u010denika \u0160kolskog centra &#8222;Dositej Obradovi\u0107&#8220;. Koncertna sala bila je\u2026<\/p>\n<p class=\"continue-reading-button\"> <a class=\"continue-reading-link\" href=\"https:\/\/muzickasu.edu.rs\/index.php\/2016\/12\/14\/srpski-ucenicka-inicijativa\/\">Nastavite sa \u010ditanjem<i class=\"crycon-right-dir\"><\/i><\/a><\/p>\n","protected":false},"author":3,"featured_media":0,"comment_status":"closed","ping_status":"open","sticky":false,"template":"","format":"standard","meta":{"footnotes":""},"categories":[1],"tags":[],"class_list":["post-1801","post","type-post","status-publish","format-standard","hentry","category-uncategorized"],"_links":{"self":[{"href":"https:\/\/muzickasu.edu.rs\/index.php\/wp-json\/wp\/v2\/posts\/1801","targetHints":{"allow":["GET"]}}],"collection":[{"href":"https:\/\/muzickasu.edu.rs\/index.php\/wp-json\/wp\/v2\/posts"}],"about":[{"href":"https:\/\/muzickasu.edu.rs\/index.php\/wp-json\/wp\/v2\/types\/post"}],"author":[{"embeddable":true,"href":"https:\/\/muzickasu.edu.rs\/index.php\/wp-json\/wp\/v2\/users\/3"}],"replies":[{"embeddable":true,"href":"https:\/\/muzickasu.edu.rs\/index.php\/wp-json\/wp\/v2\/comments?post=1801"}],"version-history":[{"count":2,"href":"https:\/\/muzickasu.edu.rs\/index.php\/wp-json\/wp\/v2\/posts\/1801\/revisions"}],"predecessor-version":[{"id":1805,"href":"https:\/\/muzickasu.edu.rs\/index.php\/wp-json\/wp\/v2\/posts\/1801\/revisions\/1805"}],"wp:attachment":[{"href":"https:\/\/muzickasu.edu.rs\/index.php\/wp-json\/wp\/v2\/media?parent=1801"}],"wp:term":[{"taxonomy":"category","embeddable":true,"href":"https:\/\/muzickasu.edu.rs\/index.php\/wp-json\/wp\/v2\/categories?post=1801"},{"taxonomy":"post_tag","embeddable":true,"href":"https:\/\/muzickasu.edu.rs\/index.php\/wp-json\/wp\/v2\/tags?post=1801"}],"curies":[{"name":"wp","href":"https:\/\/api.w.org\/{rel}","templated":true}]}}