{"id":1319,"date":"2016-05-09T14:36:54","date_gmt":"2016-05-09T14:36:54","guid":{"rendered":"http:\/\/muzickasu.edu.rs\/?p=1319"},"modified":"2016-05-11T19:23:25","modified_gmt":"2016-05-11T19:23:25","slug":"srpski-nastavak-saradnje","status":"publish","type":"post","link":"http:\/\/muzickasu.edu.rs\/index.php\/2016\/05\/09\/srpski-nastavak-saradnje\/","title":{"rendered":"Nastavak saradnje"},"content":{"rendered":"<p>U okviru saradnje mariborske i suboti\u010dke muzi\u010dke \u0161kole, ove godine je Muzi\u010dka \u0161kola &#8211; Subotica bila gost Konservatorija za glasbo in balet Maribor.<\/p>\n<p>Na koncertu maturanata mariborske muzi\u010dke \u0161kole u\u010denici su svirali u kamernim sastavima, a na\u0161u \u0160kolu je predstavljala u\u010denica, <strong>Mesaro\u0161 Brigita<\/strong>, solo pevanje, u klasi Markovi\u0107 Tamare, uz korepetitora Mate Kristinu.<\/p>\n<p>Koncert je odr\u017ean u kazinskoj dvorani Slovenskog narodnog gledali\u0161\u010da u Mariboru, 5.maja 2016.godine.<\/p>\n<p><a href=\"http:\/\/muzickasu.edu.rs\/wp-content\/uploads\/2016\/05\/Maribor.jpg\"><img loading=\"lazy\" decoding=\"async\" class=\"alignnone size-medium wp-image-1363\" src=\"http:\/\/muzickasu.edu.rs\/wp-content\/uploads\/2016\/05\/Maribor-300x225.jpg\" alt=\"Maribor\" width=\"300\" height=\"225\" srcset=\"http:\/\/muzickasu.edu.rs\/wp-content\/uploads\/2016\/05\/Maribor-300x225.jpg 300w, http:\/\/muzickasu.edu.rs\/wp-content\/uploads\/2016\/05\/Maribor-200x150.jpg 200w, http:\/\/muzickasu.edu.rs\/wp-content\/uploads\/2016\/05\/Maribor-150x113.jpg 150w, http:\/\/muzickasu.edu.rs\/wp-content\/uploads\/2016\/05\/Maribor.jpg 640w\" sizes=\"auto, (max-width: 300px) 100vw, 300px\" \/><\/a><\/p>","protected":false},"excerpt":{"rendered":"<p>U okviru saradnje mariborske i suboti\u010dke muzi\u010dke \u0161kole, ove godine je Muzi\u010dka \u0161kola &#8211; Subotica bila gost Konservatorija za glasbo in balet Maribor. Na koncertu maturanata mariborske muzi\u010dke \u0161kole u\u010denici su svirali u kamernim sastavima, a na\u0161u \u0160kolu je predstavljala u\u010denica, Mesaro\u0161 Brigita, solo pevanje, u klasi Markovi\u0107 Tamare, uz\u2026<\/p>\n<p class=\"continue-reading-button\"> <a class=\"continue-reading-link\" href=\"http:\/\/muzickasu.edu.rs\/index.php\/2016\/05\/09\/srpski-nastavak-saradnje\/\">Nastavite sa \u010ditanjem<i class=\"crycon-right-dir\"><\/i><\/a><\/p>\n","protected":false},"author":2,"featured_media":0,"comment_status":"closed","ping_status":"open","sticky":false,"template":"","format":"standard","meta":{"footnotes":""},"categories":[1],"tags":[],"class_list":["post-1319","post","type-post","status-publish","format-standard","hentry","category-uncategorized"],"_links":{"self":[{"href":"http:\/\/muzickasu.edu.rs\/index.php\/wp-json\/wp\/v2\/posts\/1319","targetHints":{"allow":["GET"]}}],"collection":[{"href":"http:\/\/muzickasu.edu.rs\/index.php\/wp-json\/wp\/v2\/posts"}],"about":[{"href":"http:\/\/muzickasu.edu.rs\/index.php\/wp-json\/wp\/v2\/types\/post"}],"author":[{"embeddable":true,"href":"http:\/\/muzickasu.edu.rs\/index.php\/wp-json\/wp\/v2\/users\/2"}],"replies":[{"embeddable":true,"href":"http:\/\/muzickasu.edu.rs\/index.php\/wp-json\/wp\/v2\/comments?post=1319"}],"version-history":[{"count":5,"href":"http:\/\/muzickasu.edu.rs\/index.php\/wp-json\/wp\/v2\/posts\/1319\/revisions"}],"predecessor-version":[{"id":1370,"href":"http:\/\/muzickasu.edu.rs\/index.php\/wp-json\/wp\/v2\/posts\/1319\/revisions\/1370"}],"wp:attachment":[{"href":"http:\/\/muzickasu.edu.rs\/index.php\/wp-json\/wp\/v2\/media?parent=1319"}],"wp:term":[{"taxonomy":"category","embeddable":true,"href":"http:\/\/muzickasu.edu.rs\/index.php\/wp-json\/wp\/v2\/categories?post=1319"},{"taxonomy":"post_tag","embeddable":true,"href":"http:\/\/muzickasu.edu.rs\/index.php\/wp-json\/wp\/v2\/tags?post=1319"}],"curies":[{"name":"wp","href":"https:\/\/api.w.org\/{rel}","templated":true}]}}