{"id":1191,"date":"2016-04-28T10:38:43","date_gmt":"2016-04-28T10:38:43","guid":{"rendered":"http:\/\/muzickasu.edu.rs\/?p=1191"},"modified":"2016-05-11T21:16:03","modified_gmt":"2016-05-11T21:16:03","slug":"srpski-muzicari-maratonci","status":"publish","type":"post","link":"http:\/\/muzickasu.edu.rs\/index.php\/2016\/04\/28\/srpski-muzicari-maratonci\/","title":{"rendered":"Muzi\u010dari &#8211; \u201cmaratonci\u201d"},"content":{"rendered":"<p><a href=\"http:\/\/muzickasu.edu.rs\/wp-content\/uploads\/2016\/04\/a-maraton.jpg\"><img loading=\"lazy\" decoding=\"async\" class=\"alignnone size-medium wp-image-1198\" src=\"http:\/\/muzickasu.edu.rs\/wp-content\/uploads\/2016\/04\/a-maraton-300x200.jpg\" alt=\"a maraton\" width=\"300\" height=\"200\" srcset=\"http:\/\/muzickasu.edu.rs\/wp-content\/uploads\/2016\/04\/a-maraton-300x200.jpg 300w, http:\/\/muzickasu.edu.rs\/wp-content\/uploads\/2016\/04\/a-maraton-1024x683.jpg 1024w, http:\/\/muzickasu.edu.rs\/wp-content\/uploads\/2016\/04\/a-maraton-225x150.jpg 225w, http:\/\/muzickasu.edu.rs\/wp-content\/uploads\/2016\/04\/a-maraton-150x100.jpg 150w, http:\/\/muzickasu.edu.rs\/wp-content\/uploads\/2016\/04\/a-maraton.jpg 1152w\" sizes=\"auto, (max-width: 300px) 100vw, 300px\" \/><\/a>U subotu, 23.aprila organizovan je 39.put, Fru\u0161kogorski maraton.\u00a0 U\u010denici srednje muzi\u010dke \u0161kole po prvi put su u\u010destvovali na ovoj manifestaciji.<\/p>\n<p style=\"text-align: justify;\">24 u\u010denika sa 5 nastavnika na\u0161e \u0161kole pro\u0161lo je trasu Isto\u010dnog pripravni\u010dkog maratona, dugu 16,30 km, sa pre\u0111enom visinskom razlikom od 340 m. Prilikom \u0161etnje kroz Fru\u0161ku goru, obi\u0161li su spomenik oslobodiocima Novog Sada u II svetskom ratu\u00a0 i TV toranj, koji je i najvi\u0161a ta\u010dka Fru\u0161ke gore. U stoletnoj \u0161umi se ekipa odmorila. Na kraju su u\u010desnici dobili planinarske knji\u017eice sa overenim maratonom za 2016.god.<\/p>\n<p><\/p>","protected":false},"excerpt":{"rendered":"<p>U subotu, 23.aprila organizovan je 39.put, Fru\u0161kogorski maraton.\u00a0 U\u010denici srednje muzi\u010dke \u0161kole po prvi put su u\u010destvovali na ovoj manifestaciji. 24 u\u010denika sa 5 nastavnika na\u0161e \u0161kole pro\u0161lo je trasu Isto\u010dnog pripravni\u010dkog maratona, dugu 16,30 km, sa pre\u0111enom visinskom razlikom od 340 m. Prilikom \u0161etnje kroz Fru\u0161ku goru, obi\u0161li su\u2026<\/p>\n<p class=\"continue-reading-button\"> <a class=\"continue-reading-link\" href=\"http:\/\/muzickasu.edu.rs\/index.php\/2016\/04\/28\/srpski-muzicari-maratonci\/\">Nastavite sa \u010ditanjem<i class=\"crycon-right-dir\"><\/i><\/a><\/p>\n","protected":false},"author":2,"featured_media":0,"comment_status":"closed","ping_status":"open","sticky":false,"template":"","format":"standard","meta":{"footnotes":""},"categories":[1],"tags":[],"class_list":["post-1191","post","type-post","status-publish","format-standard","hentry","category-uncategorized"],"_links":{"self":[{"href":"http:\/\/muzickasu.edu.rs\/index.php\/wp-json\/wp\/v2\/posts\/1191","targetHints":{"allow":["GET"]}}],"collection":[{"href":"http:\/\/muzickasu.edu.rs\/index.php\/wp-json\/wp\/v2\/posts"}],"about":[{"href":"http:\/\/muzickasu.edu.rs\/index.php\/wp-json\/wp\/v2\/types\/post"}],"author":[{"embeddable":true,"href":"http:\/\/muzickasu.edu.rs\/index.php\/wp-json\/wp\/v2\/users\/2"}],"replies":[{"embeddable":true,"href":"http:\/\/muzickasu.edu.rs\/index.php\/wp-json\/wp\/v2\/comments?post=1191"}],"version-history":[{"count":4,"href":"http:\/\/muzickasu.edu.rs\/index.php\/wp-json\/wp\/v2\/posts\/1191\/revisions"}],"predecessor-version":[{"id":1376,"href":"http:\/\/muzickasu.edu.rs\/index.php\/wp-json\/wp\/v2\/posts\/1191\/revisions\/1376"}],"wp:attachment":[{"href":"http:\/\/muzickasu.edu.rs\/index.php\/wp-json\/wp\/v2\/media?parent=1191"}],"wp:term":[{"taxonomy":"category","embeddable":true,"href":"http:\/\/muzickasu.edu.rs\/index.php\/wp-json\/wp\/v2\/categories?post=1191"},{"taxonomy":"post_tag","embeddable":true,"href":"http:\/\/muzickasu.edu.rs\/index.php\/wp-json\/wp\/v2\/tags?post=1191"}],"curies":[{"name":"wp","href":"https:\/\/api.w.org\/{rel}","templated":true}]}}