{"id":1186,"date":"2016-04-28T09:50:27","date_gmt":"2016-04-28T09:50:27","guid":{"rendered":"http:\/\/muzickasu.edu.rs\/?p=1186"},"modified":"2016-04-29T08:13:23","modified_gmt":"2016-04-29T08:13:23","slug":"srpski-festival-solfeda-ucenici-oms","status":"publish","type":"post","link":"http:\/\/muzickasu.edu.rs\/index.php\/2016\/04\/28\/srpski-festival-solfeda-ucenici-oms\/","title":{"rendered":"Festival solfe\u0111a &#8211; u\u010denici OM\u0160"},"content":{"rendered":"<p><a href=\"http:\/\/muzickasu.edu.rs\/wp-content\/uploads\/2016\/04\/a-solf.21.jpg\"><img loading=\"lazy\" decoding=\"async\" class=\"wp-image-1208 size-full alignleft\" src=\"http:\/\/muzickasu.edu.rs\/wp-content\/uploads\/2016\/04\/a-solf.21.jpg\" alt=\"\" width=\"336\" height=\"448\" srcset=\"http:\/\/muzickasu.edu.rs\/wp-content\/uploads\/2016\/04\/a-solf.21.jpg 336w, http:\/\/muzickasu.edu.rs\/wp-content\/uploads\/2016\/04\/a-solf.21-225x300.jpg 225w, http:\/\/muzickasu.edu.rs\/wp-content\/uploads\/2016\/04\/a-solf.21-113x150.jpg 113w\" sizes=\"auto, (max-width: 336px) 100vw, 336px\" \/><\/a><\/p>\n<p style=\"text-align: justify;\">U\u010denici ni\u017ee muzi\u010dke \u0161kole u\u010destvovali su, po drugi put, na &#8222;Ekipnom festivalu solfe\u0111a&#8220; u osnovnoj muzi\u010dkoj \u0161koli &#8222;Josip Slavenski&#8220; u Novom Sadu. Festival je odr\u017ean 19. i 20.04.2016.godine.<\/p>\n<p style=\"text-align: justify;\">Solfe\u0111o je obavezan predmet u osnovnoj muzi\u010dkoj \u0161koli. U\u010di se uz glavni predmet \u2013 instrument i retko se stvara prilika da u\u010denici uporede znanje sa svojim vr\u0161njacima. U Novom Sadu je festival organizovan po tre\u0107i put, a na\u0161a \u0160kola je ove godine drugi put u\u010destvovala na ovoj manifestaciji.<\/p>\n<p style=\"text-align: justify;\">Zahvaljuju\u0107i dobroj organizaciji, vladala je festivalska atmosfera: deca su se dru\u017eila i ujedno takmi\u010dila. Iz na\u0161e \u0161kole su nastupali u\u010denici II, IV, V i VI razreda OM\u0160.<\/p>\n<p>U\u010denici su se takmi\u010dili u grupama od 3 \u010dlana:<\/p>\n<ul>\n<li style=\"text-align: justify;\">Anja Golubovi\u0107, Ivana Kopunovi\u0107 i Nevena Savi\u010di\u0107: &#8222;Tri \u010dinele&#8220;<\/li>\n<li style=\"text-align: justify;\">Aleksa Konatar, Mirna Ivaki\u0107 i Luka Sudarevi\u0107: \u201cTrio Fantastico\u201d,<\/li>\n<li style=\"text-align: justify;\">Mate Coli\u0107, Vuka\u0161in Perovi\u0107, Katarina \u017divanovi\u0107: &#8222;Trio S&#8220;<\/li>\n<li style=\"text-align: justify;\">Ivana Mamu\u017ei\u0107, Anastasja Stokin i Milovan Simi\u0107: &#8222;Muzi\u010dka \u010detvorka&#8220;<\/li>\n<\/ul>\n<p style=\"text-align: justify;\">Osvojili smo tri II nagrade i jednu III nagradu.<\/p>\n<p style=\"text-align: justify;\">U\u010denike su pripremale nastavnice: Melanija Jak\u0161i\u0107, Nata\u0161a Kostadinovi\u0107, Nevena Raci\u0107 i Eva Taka\u010d.<\/p>\n<p style=\"text-align: justify;\">\n<p><\/p>","protected":false},"excerpt":{"rendered":"<p>U\u010denici ni\u017ee muzi\u010dke \u0161kole u\u010destvovali su, po drugi put, na &#8222;Ekipnom festivalu solfe\u0111a&#8220; u osnovnoj muzi\u010dkoj \u0161koli &#8222;Josip Slavenski&#8220; u Novom Sadu. Festival je odr\u017ean 19. i 20.04.2016.godine. Solfe\u0111o je obavezan predmet u osnovnoj muzi\u010dkoj \u0161koli. U\u010di se uz glavni predmet \u2013 instrument i retko se stvara prilika da u\u010denici\u2026<\/p>\n<p class=\"continue-reading-button\"> <a class=\"continue-reading-link\" href=\"http:\/\/muzickasu.edu.rs\/index.php\/2016\/04\/28\/srpski-festival-solfeda-ucenici-oms\/\">Nastavite sa \u010ditanjem<i class=\"crycon-right-dir\"><\/i><\/a><\/p>\n","protected":false},"author":2,"featured_media":0,"comment_status":"closed","ping_status":"open","sticky":false,"template":"","format":"standard","meta":{"footnotes":""},"categories":[1],"tags":[],"class_list":["post-1186","post","type-post","status-publish","format-standard","hentry","category-uncategorized"],"_links":{"self":[{"href":"http:\/\/muzickasu.edu.rs\/index.php\/wp-json\/wp\/v2\/posts\/1186","targetHints":{"allow":["GET"]}}],"collection":[{"href":"http:\/\/muzickasu.edu.rs\/index.php\/wp-json\/wp\/v2\/posts"}],"about":[{"href":"http:\/\/muzickasu.edu.rs\/index.php\/wp-json\/wp\/v2\/types\/post"}],"author":[{"embeddable":true,"href":"http:\/\/muzickasu.edu.rs\/index.php\/wp-json\/wp\/v2\/users\/2"}],"replies":[{"embeddable":true,"href":"http:\/\/muzickasu.edu.rs\/index.php\/wp-json\/wp\/v2\/comments?post=1186"}],"version-history":[{"count":7,"href":"http:\/\/muzickasu.edu.rs\/index.php\/wp-json\/wp\/v2\/posts\/1186\/revisions"}],"predecessor-version":[{"id":1209,"href":"http:\/\/muzickasu.edu.rs\/index.php\/wp-json\/wp\/v2\/posts\/1186\/revisions\/1209"}],"wp:attachment":[{"href":"http:\/\/muzickasu.edu.rs\/index.php\/wp-json\/wp\/v2\/media?parent=1186"}],"wp:term":[{"taxonomy":"category","embeddable":true,"href":"http:\/\/muzickasu.edu.rs\/index.php\/wp-json\/wp\/v2\/categories?post=1186"},{"taxonomy":"post_tag","embeddable":true,"href":"http:\/\/muzickasu.edu.rs\/index.php\/wp-json\/wp\/v2\/tags?post=1186"}],"curies":[{"name":"wp","href":"https:\/\/api.w.org\/{rel}","templated":true}]}}